{"id":1728,"date":"2023-06-29T08:49:01","date_gmt":"2023-06-29T06:49:01","guid":{"rendered":"https:\/\/ferrersenabre.com\/isabel\/?p=1728"},"modified":"2023-06-29T08:49:02","modified_gmt":"2023-06-29T06:49:02","slug":"el-so-com-a-prova-acustica-forense-i-musicologia-interpretant-la-contemporaneitat","status":"publish","type":"post","link":"https:\/\/ferrersenabre.com\/isabel\/2023\/06\/29\/el-so-com-a-prova-acustica-forense-i-musicologia-interpretant-la-contemporaneitat\/","title":{"rendered":"El so com a prova: ac\u00fastica forense i musicologia interpretant la contemporane\u00eftat"},"content":{"rendered":"\n<p>Nou article a la secci\u00f3 Contracants de la revista <a href=\"https:\/\/twitter.com\/sonogramamgzn\" target=\"_blank\" rel=\"noreferrer noopener\">@SonogramaMGZN<\/a>. A partir de l&#8217;\u00e8xit del true crime i l&#8217;aparici\u00f3 de podcasts relacionats, el text s&#8217;endinsa en l&#8217;acustica forense i la seua relaci\u00f3 present i futura amb la musicologia. <\/p>\n\n\n\n<p>Llegiu-lo ac\u00ed:<\/p>\n\n\n\n<figure class=\"wp-block-embed aligncenter is-type-wp-embed is-provider-revista-sonograma-magazine wp-block-embed-revista-sonograma-magazine\"><div class=\"wp-block-embed__wrapper\">\nhttps:\/\/sonograma.org\/2023\/06\/el-so-com-a-prova-acustica-forense-i-musicologia-interpretant-la-contemporaneitat\/\n<\/div><\/figure>\n","protected":false},"excerpt":{"rendered":"<p>Nou article a la secci\u00f3 Contracants de la revista @SonogramaMGZN. A partir de l&#8217;\u00e8xit del true crime i l&#8217;aparici\u00f3 de &hellip; <a class=\"more-link\" href=\"https:\/\/ferrersenabre.com\/isabel\/2023\/06\/29\/el-so-com-a-prova-acustica-forense-i-musicologia-interpretant-la-contemporaneitat\/\">M\u00e9s<\/a><\/p>\n","protected":false},"author":1,"featured_media":1729,"comment_status":"open","ping_status":"open","sticky":false,"template":"","format":"standard","meta":{"jetpack_post_was_ever_published":false,"_jetpack_newsletter_access":"","_jetpack_dont_email_post_to_subs":false,"_jetpack_newsletter_tier_id":0,"_jetpack_memberships_contains_paywalled_content":false,"_jetpack_memberships_contains_paid_content":false,"footnotes":"","jetpack_publicize_message":"","jetpack_publicize_feature_enabled":true,"jetpack_social_post_already_shared":true,"jetpack_social_options":{"image_generator_settings":{"template":"highway","default_image_id":0,"font":"","enabled":false},"version":2}},"categories":[25,33,37],"tags":[],"class_list":["post-1728","post","type-post","status-publish","format-standard","has-post-thumbnail","hentry","category-bloc","category-publicacions","category-sonograma",""],"yoast_head":"<!-- This site is optimized with the Yoast SEO plugin v27.5 - https:\/\/yoast.com\/product\/yoast-seo-wordpress\/ -->\n<title>El so com a prova: ac\u00fastica forense i musicologia interpretant la contemporane\u00eftat - Isabel Ferrer Senabre<\/title>\n<meta name=\"description\" content=\"Nou article a la secci\u00f3 Contracants de la revista @SonogramaMGZN. A partir de l&#039;\u00e8xit del true crime i l&#039;aparici\u00f3 de podcasts relacionats, el text s&#039;endinsa en l&#039;acustica forense i la seua relaci\u00f3 present i futura amb la musicologia.\" \/>\n<meta name=\"robots\" content=\"index, follow, max-snippet:-1, max-image-preview:large, max-video-preview:-1\" \/>\n<link rel=\"canonical\" href=\"https:\/\/ferrersenabre.com\/isabel\/2023\/06\/29\/el-so-com-a-prova-acustica-forense-i-musicologia-interpretant-la-contemporaneitat\/\" \/>\n<meta property=\"og:locale\" content=\"ca_ES\" \/>\n<meta property=\"og:type\" content=\"article\" \/>\n<meta property=\"og:title\" content=\"El so com a prova: ac\u00fastica forense i musicologia interpretant la contemporane\u00eftat - Isabel Ferrer Senabre\" \/>\n<meta property=\"og:description\" content=\"Nou article a la secci\u00f3 Contracants de la revista @SonogramaMGZN. A partir de l&#039;\u00e8xit del true crime i l&#039;aparici\u00f3 de podcasts relacionats, el text s&#039;endinsa en l&#039;acustica forense i la seua relaci\u00f3 present i futura amb la musicologia.\" \/>\n<meta property=\"og:url\" content=\"https:\/\/ferrersenabre.com\/isabel\/2023\/06\/29\/el-so-com-a-prova-acustica-forense-i-musicologia-interpretant-la-contemporaneitat\/\" \/>\n<meta property=\"og:site_name\" content=\"Isabel Ferrer Senabre\" \/>\n<meta property=\"article:published_time\" content=\"2023-06-29T06:49:01+00:00\" \/>\n<meta property=\"article:modified_time\" content=\"2023-06-29T06:49:02+00:00\" \/>\n<meta property=\"og:image\" content=\"https:\/\/i0.wp.com\/ferrersenabre.com\/isabel\/wp-content\/uploads\/2023\/06\/Imatge.png?fit=720%2C719&ssl=1\" \/>\n\t<meta property=\"og:image:width\" content=\"720\" \/>\n\t<meta property=\"og:image:height\" content=\"719\" \/>\n\t<meta property=\"og:image:type\" content=\"image\/png\" \/>\n<meta name=\"author\" content=\"isabel\" \/>\n<meta name=\"twitter:card\" content=\"summary_large_image\" \/>\n<meta name=\"twitter:label1\" content=\"Escrit per\" \/>\n\t<meta name=\"twitter:data1\" content=\"isabel\" \/>\n\t<meta name=\"twitter:label2\" content=\"Temps estimat de lectura\" \/>\n\t<meta name=\"twitter:data2\" content=\"1 minut\" \/>\n<script type=\"application\/ld+json\" class=\"yoast-schema-graph\">{\"@context\":\"https:\\\/\\\/schema.org\",\"@graph\":[{\"@type\":\"Article\",\"@id\":\"https:\\\/\\\/ferrersenabre.com\\\/isabel\\\/2023\\\/06\\\/29\\\/el-so-com-a-prova-acustica-forense-i-musicologia-interpretant-la-contemporaneitat\\\/#article\",\"isPartOf\":{\"@id\":\"https:\\\/\\\/ferrersenabre.com\\\/isabel\\\/2023\\\/06\\\/29\\\/el-so-com-a-prova-acustica-forense-i-musicologia-interpretant-la-contemporaneitat\\\/\"},\"author\":{\"name\":\"isabel\",\"@id\":\"https:\\\/\\\/ferrersenabre.com\\\/isabel\\\/#\\\/schema\\\/person\\\/457531cb41fc01c1b6676c978e0dda6a\"},\"headline\":\"El so com a prova: ac\u00fastica forense i musicologia interpretant la contemporane\u00eftat\",\"datePublished\":\"2023-06-29T06:49:01+00:00\",\"dateModified\":\"2023-06-29T06:49:02+00:00\",\"mainEntityOfPage\":{\"@id\":\"https:\\\/\\\/ferrersenabre.com\\\/isabel\\\/2023\\\/06\\\/29\\\/el-so-com-a-prova-acustica-forense-i-musicologia-interpretant-la-contemporaneitat\\\/\"},\"wordCount\":62,\"commentCount\":0,\"publisher\":{\"@id\":\"https:\\\/\\\/ferrersenabre.com\\\/isabel\\\/#\\\/schema\\\/person\\\/457531cb41fc01c1b6676c978e0dda6a\"},\"image\":{\"@id\":\"https:\\\/\\\/ferrersenabre.com\\\/isabel\\\/2023\\\/06\\\/29\\\/el-so-com-a-prova-acustica-forense-i-musicologia-interpretant-la-contemporaneitat\\\/#primaryimage\"},\"thumbnailUrl\":\"https:\\\/\\\/i0.wp.com\\\/ferrersenabre.com\\\/isabel\\\/wp-content\\\/uploads\\\/2023\\\/06\\\/Imatge.png?fit=720%2C719&ssl=1\",\"articleSection\":[\"Bloc\",\"Publicacions\",\"Sonograma\"],\"inLanguage\":\"ca\",\"potentialAction\":[{\"@type\":\"CommentAction\",\"name\":\"Comment\",\"target\":[\"https:\\\/\\\/ferrersenabre.com\\\/isabel\\\/2023\\\/06\\\/29\\\/el-so-com-a-prova-acustica-forense-i-musicologia-interpretant-la-contemporaneitat\\\/#respond\"]}]},{\"@type\":\"WebPage\",\"@id\":\"https:\\\/\\\/ferrersenabre.com\\\/isabel\\\/2023\\\/06\\\/29\\\/el-so-com-a-prova-acustica-forense-i-musicologia-interpretant-la-contemporaneitat\\\/\",\"url\":\"https:\\\/\\\/ferrersenabre.com\\\/isabel\\\/2023\\\/06\\\/29\\\/el-so-com-a-prova-acustica-forense-i-musicologia-interpretant-la-contemporaneitat\\\/\",\"name\":\"El so com a prova: ac\u00fastica forense i musicologia interpretant la contemporane\u00eftat - Isabel Ferrer Senabre\",\"isPartOf\":{\"@id\":\"https:\\\/\\\/ferrersenabre.com\\\/isabel\\\/#website\"},\"primaryImageOfPage\":{\"@id\":\"https:\\\/\\\/ferrersenabre.com\\\/isabel\\\/2023\\\/06\\\/29\\\/el-so-com-a-prova-acustica-forense-i-musicologia-interpretant-la-contemporaneitat\\\/#primaryimage\"},\"image\":{\"@id\":\"https:\\\/\\\/ferrersenabre.com\\\/isabel\\\/2023\\\/06\\\/29\\\/el-so-com-a-prova-acustica-forense-i-musicologia-interpretant-la-contemporaneitat\\\/#primaryimage\"},\"thumbnailUrl\":\"https:\\\/\\\/i0.wp.com\\\/ferrersenabre.com\\\/isabel\\\/wp-content\\\/uploads\\\/2023\\\/06\\\/Imatge.png?fit=720%2C719&ssl=1\",\"datePublished\":\"2023-06-29T06:49:01+00:00\",\"dateModified\":\"2023-06-29T06:49:02+00:00\",\"description\":\"Nou article a la secci\u00f3 Contracants de la revista @SonogramaMGZN. A partir de l'\u00e8xit del true crime i l'aparici\u00f3 de podcasts relacionats, el text s'endinsa en l'acustica forense i la seua relaci\u00f3 present i futura amb la musicologia.\",\"breadcrumb\":{\"@id\":\"https:\\\/\\\/ferrersenabre.com\\\/isabel\\\/2023\\\/06\\\/29\\\/el-so-com-a-prova-acustica-forense-i-musicologia-interpretant-la-contemporaneitat\\\/#breadcrumb\"},\"inLanguage\":\"ca\",\"potentialAction\":[{\"@type\":\"ReadAction\",\"target\":[\"https:\\\/\\\/ferrersenabre.com\\\/isabel\\\/2023\\\/06\\\/29\\\/el-so-com-a-prova-acustica-forense-i-musicologia-interpretant-la-contemporaneitat\\\/\"]}]},{\"@type\":\"ImageObject\",\"inLanguage\":\"ca\",\"@id\":\"https:\\\/\\\/ferrersenabre.com\\\/isabel\\\/2023\\\/06\\\/29\\\/el-so-com-a-prova-acustica-forense-i-musicologia-interpretant-la-contemporaneitat\\\/#primaryimage\",\"url\":\"https:\\\/\\\/i0.wp.com\\\/ferrersenabre.com\\\/isabel\\\/wp-content\\\/uploads\\\/2023\\\/06\\\/Imatge.png?fit=720%2C719&ssl=1\",\"contentUrl\":\"https:\\\/\\\/i0.wp.com\\\/ferrersenabre.com\\\/isabel\\\/wp-content\\\/uploads\\\/2023\\\/06\\\/Imatge.png?fit=720%2C719&ssl=1\",\"width\":720,\"height\":719},{\"@type\":\"BreadcrumbList\",\"@id\":\"https:\\\/\\\/ferrersenabre.com\\\/isabel\\\/2023\\\/06\\\/29\\\/el-so-com-a-prova-acustica-forense-i-musicologia-interpretant-la-contemporaneitat\\\/#breadcrumb\",\"itemListElement\":[{\"@type\":\"ListItem\",\"position\":1,\"name\":\"Inici\",\"item\":\"https:\\\/\\\/ferrersenabre.com\\\/isabel\\\/\"},{\"@type\":\"ListItem\",\"position\":2,\"name\":\"El so com a prova: ac\u00fastica forense i musicologia interpretant la contemporane\u00eftat\"}]},{\"@type\":\"WebSite\",\"@id\":\"https:\\\/\\\/ferrersenabre.com\\\/isabel\\\/#website\",\"url\":\"https:\\\/\\\/ferrersenabre.com\\\/isabel\\\/\",\"name\":\"Isabel Ferrer Senabre\",\"description\":\"Music\u00f2loga\",\"publisher\":{\"@id\":\"https:\\\/\\\/ferrersenabre.com\\\/isabel\\\/#\\\/schema\\\/person\\\/457531cb41fc01c1b6676c978e0dda6a\"},\"potentialAction\":[{\"@type\":\"SearchAction\",\"target\":{\"@type\":\"EntryPoint\",\"urlTemplate\":\"https:\\\/\\\/ferrersenabre.com\\\/isabel\\\/?s={search_term_string}\"},\"query-input\":{\"@type\":\"PropertyValueSpecification\",\"valueRequired\":true,\"valueName\":\"search_term_string\"}}],\"inLanguage\":\"ca\"},{\"@type\":[\"Person\",\"Organization\"],\"@id\":\"https:\\\/\\\/ferrersenabre.com\\\/isabel\\\/#\\\/schema\\\/person\\\/457531cb41fc01c1b6676c978e0dda6a\",\"name\":\"isabel\",\"image\":{\"@type\":\"ImageObject\",\"inLanguage\":\"ca\",\"@id\":\"https:\\\/\\\/secure.gravatar.com\\\/avatar\\\/36088a98412757fa80f5ec755699904dc651bf39967c68e42d1c3a10675ae5ca?s=96&d=mm&r=g\",\"url\":\"https:\\\/\\\/secure.gravatar.com\\\/avatar\\\/36088a98412757fa80f5ec755699904dc651bf39967c68e42d1c3a10675ae5ca?s=96&d=mm&r=g\",\"contentUrl\":\"https:\\\/\\\/secure.gravatar.com\\\/avatar\\\/36088a98412757fa80f5ec755699904dc651bf39967c68e42d1c3a10675ae5ca?s=96&d=mm&r=g\",\"caption\":\"isabel\"},\"logo\":{\"@id\":\"https:\\\/\\\/secure.gravatar.com\\\/avatar\\\/36088a98412757fa80f5ec755699904dc651bf39967c68e42d1c3a10675ae5ca?s=96&d=mm&r=g\"}}]}<\/script>\n<!-- \/ Yoast SEO plugin. -->","yoast_head_json":{"title":"El so com a prova: ac\u00fastica forense i musicologia interpretant la contemporane\u00eftat - Isabel Ferrer Senabre","description":"Nou article a la secci\u00f3 Contracants de la revista @SonogramaMGZN. A partir de l'\u00e8xit del true crime i l'aparici\u00f3 de podcasts relacionats, el text s'endinsa en l'acustica forense i la seua relaci\u00f3 present i futura amb la musicologia.","robots":{"index":"index","follow":"follow","max-snippet":"max-snippet:-1","max-image-preview":"max-image-preview:large","max-video-preview":"max-video-preview:-1"},"canonical":"https:\/\/ferrersenabre.com\/isabel\/2023\/06\/29\/el-so-com-a-prova-acustica-forense-i-musicologia-interpretant-la-contemporaneitat\/","og_locale":"ca_ES","og_type":"article","og_title":"El so com a prova: ac\u00fastica forense i musicologia interpretant la contemporane\u00eftat - Isabel Ferrer Senabre","og_description":"Nou article a la secci\u00f3 Contracants de la revista @SonogramaMGZN. A partir de l'\u00e8xit del true crime i l'aparici\u00f3 de podcasts relacionats, el text s'endinsa en l'acustica forense i la seua relaci\u00f3 present i futura amb la musicologia.","og_url":"https:\/\/ferrersenabre.com\/isabel\/2023\/06\/29\/el-so-com-a-prova-acustica-forense-i-musicologia-interpretant-la-contemporaneitat\/","og_site_name":"Isabel Ferrer Senabre","article_published_time":"2023-06-29T06:49:01+00:00","article_modified_time":"2023-06-29T06:49:02+00:00","og_image":[{"width":720,"height":719,"url":"https:\/\/i0.wp.com\/ferrersenabre.com\/isabel\/wp-content\/uploads\/2023\/06\/Imatge.png?fit=720%2C719&ssl=1","type":"image\/png"}],"author":"isabel","twitter_card":"summary_large_image","twitter_misc":{"Escrit per":"isabel","Temps estimat de lectura":"1 minut"},"schema":{"@context":"https:\/\/schema.org","@graph":[{"@type":"Article","@id":"https:\/\/ferrersenabre.com\/isabel\/2023\/06\/29\/el-so-com-a-prova-acustica-forense-i-musicologia-interpretant-la-contemporaneitat\/#article","isPartOf":{"@id":"https:\/\/ferrersenabre.com\/isabel\/2023\/06\/29\/el-so-com-a-prova-acustica-forense-i-musicologia-interpretant-la-contemporaneitat\/"},"author":{"name":"isabel","@id":"https:\/\/ferrersenabre.com\/isabel\/#\/schema\/person\/457531cb41fc01c1b6676c978e0dda6a"},"headline":"El so com a prova: ac\u00fastica forense i musicologia interpretant la contemporane\u00eftat","datePublished":"2023-06-29T06:49:01+00:00","dateModified":"2023-06-29T06:49:02+00:00","mainEntityOfPage":{"@id":"https:\/\/ferrersenabre.com\/isabel\/2023\/06\/29\/el-so-com-a-prova-acustica-forense-i-musicologia-interpretant-la-contemporaneitat\/"},"wordCount":62,"commentCount":0,"publisher":{"@id":"https:\/\/ferrersenabre.com\/isabel\/#\/schema\/person\/457531cb41fc01c1b6676c978e0dda6a"},"image":{"@id":"https:\/\/ferrersenabre.com\/isabel\/2023\/06\/29\/el-so-com-a-prova-acustica-forense-i-musicologia-interpretant-la-contemporaneitat\/#primaryimage"},"thumbnailUrl":"https:\/\/i0.wp.com\/ferrersenabre.com\/isabel\/wp-content\/uploads\/2023\/06\/Imatge.png?fit=720%2C719&ssl=1","articleSection":["Bloc","Publicacions","Sonograma"],"inLanguage":"ca","potentialAction":[{"@type":"CommentAction","name":"Comment","target":["https:\/\/ferrersenabre.com\/isabel\/2023\/06\/29\/el-so-com-a-prova-acustica-forense-i-musicologia-interpretant-la-contemporaneitat\/#respond"]}]},{"@type":"WebPage","@id":"https:\/\/ferrersenabre.com\/isabel\/2023\/06\/29\/el-so-com-a-prova-acustica-forense-i-musicologia-interpretant-la-contemporaneitat\/","url":"https:\/\/ferrersenabre.com\/isabel\/2023\/06\/29\/el-so-com-a-prova-acustica-forense-i-musicologia-interpretant-la-contemporaneitat\/","name":"El so com a prova: ac\u00fastica forense i musicologia interpretant la contemporane\u00eftat - Isabel Ferrer Senabre","isPartOf":{"@id":"https:\/\/ferrersenabre.com\/isabel\/#website"},"primaryImageOfPage":{"@id":"https:\/\/ferrersenabre.com\/isabel\/2023\/06\/29\/el-so-com-a-prova-acustica-forense-i-musicologia-interpretant-la-contemporaneitat\/#primaryimage"},"image":{"@id":"https:\/\/ferrersenabre.com\/isabel\/2023\/06\/29\/el-so-com-a-prova-acustica-forense-i-musicologia-interpretant-la-contemporaneitat\/#primaryimage"},"thumbnailUrl":"https:\/\/i0.wp.com\/ferrersenabre.com\/isabel\/wp-content\/uploads\/2023\/06\/Imatge.png?fit=720%2C719&ssl=1","datePublished":"2023-06-29T06:49:01+00:00","dateModified":"2023-06-29T06:49:02+00:00","description":"Nou article a la secci\u00f3 Contracants de la revista @SonogramaMGZN. A partir de l'\u00e8xit del true crime i l'aparici\u00f3 de podcasts relacionats, el text s'endinsa en l'acustica forense i la seua relaci\u00f3 present i futura amb la musicologia.","breadcrumb":{"@id":"https:\/\/ferrersenabre.com\/isabel\/2023\/06\/29\/el-so-com-a-prova-acustica-forense-i-musicologia-interpretant-la-contemporaneitat\/#breadcrumb"},"inLanguage":"ca","potentialAction":[{"@type":"ReadAction","target":["https:\/\/ferrersenabre.com\/isabel\/2023\/06\/29\/el-so-com-a-prova-acustica-forense-i-musicologia-interpretant-la-contemporaneitat\/"]}]},{"@type":"ImageObject","inLanguage":"ca","@id":"https:\/\/ferrersenabre.com\/isabel\/2023\/06\/29\/el-so-com-a-prova-acustica-forense-i-musicologia-interpretant-la-contemporaneitat\/#primaryimage","url":"https:\/\/i0.wp.com\/ferrersenabre.com\/isabel\/wp-content\/uploads\/2023\/06\/Imatge.png?fit=720%2C719&ssl=1","contentUrl":"https:\/\/i0.wp.com\/ferrersenabre.com\/isabel\/wp-content\/uploads\/2023\/06\/Imatge.png?fit=720%2C719&ssl=1","width":720,"height":719},{"@type":"BreadcrumbList","@id":"https:\/\/ferrersenabre.com\/isabel\/2023\/06\/29\/el-so-com-a-prova-acustica-forense-i-musicologia-interpretant-la-contemporaneitat\/#breadcrumb","itemListElement":[{"@type":"ListItem","position":1,"name":"Inici","item":"https:\/\/ferrersenabre.com\/isabel\/"},{"@type":"ListItem","position":2,"name":"El so com a prova: ac\u00fastica forense i musicologia interpretant la contemporane\u00eftat"}]},{"@type":"WebSite","@id":"https:\/\/ferrersenabre.com\/isabel\/#website","url":"https:\/\/ferrersenabre.com\/isabel\/","name":"Isabel Ferrer Senabre","description":"Music\u00f2loga","publisher":{"@id":"https:\/\/ferrersenabre.com\/isabel\/#\/schema\/person\/457531cb41fc01c1b6676c978e0dda6a"},"potentialAction":[{"@type":"SearchAction","target":{"@type":"EntryPoint","urlTemplate":"https:\/\/ferrersenabre.com\/isabel\/?s={search_term_string}"},"query-input":{"@type":"PropertyValueSpecification","valueRequired":true,"valueName":"search_term_string"}}],"inLanguage":"ca"},{"@type":["Person","Organization"],"@id":"https:\/\/ferrersenabre.com\/isabel\/#\/schema\/person\/457531cb41fc01c1b6676c978e0dda6a","name":"isabel","image":{"@type":"ImageObject","inLanguage":"ca","@id":"https:\/\/secure.gravatar.com\/avatar\/36088a98412757fa80f5ec755699904dc651bf39967c68e42d1c3a10675ae5ca?s=96&d=mm&r=g","url":"https:\/\/secure.gravatar.com\/avatar\/36088a98412757fa80f5ec755699904dc651bf39967c68e42d1c3a10675ae5ca?s=96&d=mm&r=g","contentUrl":"https:\/\/secure.gravatar.com\/avatar\/36088a98412757fa80f5ec755699904dc651bf39967c68e42d1c3a10675ae5ca?s=96&d=mm&r=g","caption":"isabel"},"logo":{"@id":"https:\/\/secure.gravatar.com\/avatar\/36088a98412757fa80f5ec755699904dc651bf39967c68e42d1c3a10675ae5ca?s=96&d=mm&r=g"}}]}},"jetpack_publicize_connections":[],"jetpack_featured_media_url":"https:\/\/i0.wp.com\/ferrersenabre.com\/isabel\/wp-content\/uploads\/2023\/06\/Imatge.png?fit=720%2C719&ssl=1","jetpack_sharing_enabled":true,"jetpack_shortlink":"https:\/\/wp.me\/p7sWWM-rS","_links":{"self":[{"href":"https:\/\/ferrersenabre.com\/isabel\/wp-json\/wp\/v2\/posts\/1728","targetHints":{"allow":["GET"]}}],"collection":[{"href":"https:\/\/ferrersenabre.com\/isabel\/wp-json\/wp\/v2\/posts"}],"about":[{"href":"https:\/\/ferrersenabre.com\/isabel\/wp-json\/wp\/v2\/types\/post"}],"author":[{"embeddable":true,"href":"https:\/\/ferrersenabre.com\/isabel\/wp-json\/wp\/v2\/users\/1"}],"replies":[{"embeddable":true,"href":"https:\/\/ferrersenabre.com\/isabel\/wp-json\/wp\/v2\/comments?post=1728"}],"version-history":[{"count":1,"href":"https:\/\/ferrersenabre.com\/isabel\/wp-json\/wp\/v2\/posts\/1728\/revisions"}],"predecessor-version":[{"id":1730,"href":"https:\/\/ferrersenabre.com\/isabel\/wp-json\/wp\/v2\/posts\/1728\/revisions\/1730"}],"wp:featuredmedia":[{"embeddable":true,"href":"https:\/\/ferrersenabre.com\/isabel\/wp-json\/wp\/v2\/media\/1729"}],"wp:attachment":[{"href":"https:\/\/ferrersenabre.com\/isabel\/wp-json\/wp\/v2\/media?parent=1728"}],"wp:term":[{"taxonomy":"category","embeddable":true,"href":"https:\/\/ferrersenabre.com\/isabel\/wp-json\/wp\/v2\/categories?post=1728"},{"taxonomy":"post_tag","embeddable":true,"href":"https:\/\/ferrersenabre.com\/isabel\/wp-json\/wp\/v2\/tags?post=1728"}],"curies":[{"name":"wp","href":"https:\/\/api.w.org\/{rel}","templated":true}]}}