{"id":422,"date":"2020-03-23T18:02:07","date_gmt":"2020-03-23T17:02:07","guid":{"rendered":"https:\/\/ferrersenabre.com\/isabel\/?p=422"},"modified":"2020-03-29T11:26:38","modified_gmt":"2020-03-29T09:26:38","slug":"tens-opinio","status":"publish","type":"post","link":"https:\/\/ferrersenabre.com\/isabel\/2020\/03\/23\/tens-opinio\/","title":{"rendered":"Tens opini\u00f3"},"content":{"rendered":"\n<p>Ahir, nosequant\u00e9 dia de confinament, ens vam reunir a sopar amb la fam\u00edlia davant la tele. Fugint de les incomptables remisions del virus, en diferents formats i sensacionalismes, ens vam quedar amb l&#8217;aposta segura dels Simpsons, mentre masteg\u00e0vem un s\u00e0ndvitx a l&#8217;\u00fas. La protagonista del cap\u00edtol era Marge, qui se n&#8217;adonava que incapa\u00e7 de fer fora un agent immobiliari <em>aprofitante <\/em>instal\u00b7lat a la casa familiar mesos i mesos. Amb una reflexi\u00f3 basada en un trauma infantil, Marge prenia consci\u00e8ncia que no sabia dir &#8220;no&#8221;, sobretot si intu\u00efa que aix\u00f2 tindria consq\u00fc\u00e8ncies negatives per al receptor de la seua resposta.<\/p>\n\n\n\n<p>Aquest mat\u00ed, per\u00f2, ja m&#8217;havia oblidat de Marge i em disposava a intentar aprofitar el temps a l&#8217;ordinador, fugint ara de la mena de lentitud col\u00b7lectiva  provocada per la sensaci\u00f3 d&#8217;irrealitat. Aix\u00f2 m&#8217;ho ha confirmat una amiga, a qui m&#8217;he perm\u00e8s recordar-li la m\u00e0xima dels avesats a estar produint a casa davant de la pantalla (ara anomenat teletreball): com si anares a l&#8217;oficina, despertador, caf\u00e9, dutxa, roba, esmorzar, ics hores amb descansos, no xarxes socials. Pot ser no hauria d&#8217;haver-li ho comentat. Qui s\u00f3c jo, al cap i a la fi? Despr\u00e9s he llegit quatre titulars de peri\u00f2dics de la meua corda, altres tants tuits tendenciosos cap als meus gustos, m\u00e9s whatsapps, el pare va a fer la compra ves-espaiet-per-favor, quina bona iniciativa de les llibreries per a sobreviure al tancament, a vore quines s\u00e8ries hi ha a l&#8217;HBO no catastrofistes ara que he acabat <em>Joc de Trons<\/em>.<\/p>\n\n\n\n<p>Aprofitant el temps a l&#8217;ordinador, deia. Obric el meu <em>word<\/em>. Haig de fer una ressenya d&#8217;un llibre d&#8217;assaig. Mira que n&#8217;he fet, de ressenyes acad\u00e8miques. N&#8217;he avaluat altres moltes, i he assessorat i corregit articles i llibres. \u00c9s un treball que m&#8217;encanta. Per\u00f2 escriure aquesta m&#8217;est\u00e0 pesant com una mala cosa. Alg\u00fa m\u00e9s autoritzat que jo va dir que escriure costa molt per\u00f2 llegir molt poc (ho va dir m\u00e9s po\u00e8tic, la idea \u00e9s aquesta, disculpes). No \u00e9s aix\u00f2. Revise com ho han fet la resta d&#8217;autors de n\u00fameros anteriors. I all\u00e0 ho tens, ja m&#8217;ho temia. No hi \u00e9s el to curosament diplom\u00e0tic i la valoraci\u00f3 <em>polite <\/em>ben inserida en el paradigma acad\u00e8mic. Hi ha opini\u00f3 a pit descobert, de nivel molt alt, alt\u00edssim, i ben documentat, sense amagar-se en la trinxera del cientificisme que vol aparentar saviesa objectiva.<\/p>\n\n\n\n<p>I aleshores Marge m&#8217;ha rescatat (de moment). Ella havia d&#8217;aprendre a dir no, sense complaences ni culpa. Jo he obert un bloc on dir no, per\u00f2 tamb\u00e9 s\u00ed, o no ho s\u00e9. Sense culpes, les complaences les deixarem per al seg\u00fcent nivell. Tens opini\u00f3, diu Marge. La meua pr\u00f2pia <em>coach<\/em> perqu\u00e8 els mon\u00f2legs de Pedro S\u00e1nchez no m&#8217;estan servint. Un <em>perqu\u00e8 vull<\/em>, entre molts altres. I final de l&#8217;\u00e8pica. <\/p>\n\n\n\n<p>La ressenya.<\/p>\n","protected":false},"excerpt":{"rendered":"<p>Ahir, nosequant\u00e9 dia de confinament, ens vam reunir a sopar amb la fam\u00edlia davant la tele. Fugint de les incomptables &hellip; <a class=\"more-link\" href=\"https:\/\/ferrersenabre.com\/isabel\/2020\/03\/23\/tens-opinio\/\">M\u00e9s<\/a><\/p>\n","protected":false},"author":1,"featured_media":0,"comment_status":"closed","ping_status":"open","sticky":false,"template":"","format":"standard","meta":{"jetpack_post_was_ever_published":false,"_jetpack_newsletter_access":"","_jetpack_dont_email_post_to_subs":false,"_jetpack_newsletter_tier_id":0,"_jetpack_memberships_contains_paywalled_content":false,"_jetpack_memberships_contains_paid_content":false,"footnotes":"","jetpack_publicize_message":"","jetpack_publicize_feature_enabled":true,"jetpack_social_post_already_shared":true,"jetpack_social_options":{"image_generator_settings":{"template":"highway","default_image_id":0,"font":"","enabled":false},"version":2}},"categories":[25],"tags":[24],"class_list":["post-422","post","type-post","status-publish","format-standard","hentry","category-bloc","tag-opinio",""],"yoast_head":"<!-- This site is optimized with the Yoast SEO plugin v27.5 - https:\/\/yoast.com\/product\/yoast-seo-wordpress\/ -->\n<title>Tens opini\u00f3 - Isabel Ferrer Senabre<\/title>\n<meta name=\"robots\" content=\"index, follow, max-snippet:-1, max-image-preview:large, max-video-preview:-1\" \/>\n<link rel=\"canonical\" href=\"https:\/\/ferrersenabre.com\/isabel\/2020\/03\/23\/tens-opinio\/\" \/>\n<meta property=\"og:locale\" content=\"ca_ES\" \/>\n<meta property=\"og:type\" content=\"article\" \/>\n<meta property=\"og:title\" content=\"Tens opini\u00f3 - Isabel Ferrer Senabre\" \/>\n<meta property=\"og:description\" content=\"Ahir, nosequant\u00e9 dia de confinament, ens vam reunir a sopar amb la fam\u00edlia davant la tele. Fugint de les incomptables &hellip; M\u00e9s\" \/>\n<meta property=\"og:url\" content=\"https:\/\/ferrersenabre.com\/isabel\/2020\/03\/23\/tens-opinio\/\" \/>\n<meta property=\"og:site_name\" content=\"Isabel Ferrer Senabre\" \/>\n<meta property=\"article:published_time\" content=\"2020-03-23T17:02:07+00:00\" \/>\n<meta property=\"article:modified_time\" content=\"2020-03-29T09:26:38+00:00\" \/>\n<meta name=\"author\" content=\"isabel\" \/>\n<meta name=\"twitter:card\" content=\"summary_large_image\" \/>\n<meta name=\"twitter:label1\" content=\"Escrit per\" \/>\n\t<meta name=\"twitter:data1\" content=\"isabel\" \/>\n\t<meta name=\"twitter:label2\" content=\"Temps estimat de lectura\" \/>\n\t<meta name=\"twitter:data2\" content=\"2 minuts\" \/>\n<script type=\"application\/ld+json\" class=\"yoast-schema-graph\">{\"@context\":\"https:\\\/\\\/schema.org\",\"@graph\":[{\"@type\":\"Article\",\"@id\":\"https:\\\/\\\/ferrersenabre.com\\\/isabel\\\/2020\\\/03\\\/23\\\/tens-opinio\\\/#article\",\"isPartOf\":{\"@id\":\"https:\\\/\\\/ferrersenabre.com\\\/isabel\\\/2020\\\/03\\\/23\\\/tens-opinio\\\/\"},\"author\":{\"name\":\"isabel\",\"@id\":\"https:\\\/\\\/ferrersenabre.com\\\/isabel\\\/#\\\/schema\\\/person\\\/457531cb41fc01c1b6676c978e0dda6a\"},\"headline\":\"Tens opini\u00f3\",\"datePublished\":\"2020-03-23T17:02:07+00:00\",\"dateModified\":\"2020-03-29T09:26:38+00:00\",\"mainEntityOfPage\":{\"@id\":\"https:\\\/\\\/ferrersenabre.com\\\/isabel\\\/2020\\\/03\\\/23\\\/tens-opinio\\\/\"},\"wordCount\":512,\"publisher\":{\"@id\":\"https:\\\/\\\/ferrersenabre.com\\\/isabel\\\/#\\\/schema\\\/person\\\/457531cb41fc01c1b6676c978e0dda6a\"},\"keywords\":[\"opini\u00f3\"],\"articleSection\":[\"Bloc\"],\"inLanguage\":\"ca\"},{\"@type\":\"WebPage\",\"@id\":\"https:\\\/\\\/ferrersenabre.com\\\/isabel\\\/2020\\\/03\\\/23\\\/tens-opinio\\\/\",\"url\":\"https:\\\/\\\/ferrersenabre.com\\\/isabel\\\/2020\\\/03\\\/23\\\/tens-opinio\\\/\",\"name\":\"Tens opini\u00f3 - Isabel Ferrer Senabre\",\"isPartOf\":{\"@id\":\"https:\\\/\\\/ferrersenabre.com\\\/isabel\\\/#website\"},\"datePublished\":\"2020-03-23T17:02:07+00:00\",\"dateModified\":\"2020-03-29T09:26:38+00:00\",\"breadcrumb\":{\"@id\":\"https:\\\/\\\/ferrersenabre.com\\\/isabel\\\/2020\\\/03\\\/23\\\/tens-opinio\\\/#breadcrumb\"},\"inLanguage\":\"ca\",\"potentialAction\":[{\"@type\":\"ReadAction\",\"target\":[\"https:\\\/\\\/ferrersenabre.com\\\/isabel\\\/2020\\\/03\\\/23\\\/tens-opinio\\\/\"]}]},{\"@type\":\"BreadcrumbList\",\"@id\":\"https:\\\/\\\/ferrersenabre.com\\\/isabel\\\/2020\\\/03\\\/23\\\/tens-opinio\\\/#breadcrumb\",\"itemListElement\":[{\"@type\":\"ListItem\",\"position\":1,\"name\":\"Inici\",\"item\":\"https:\\\/\\\/ferrersenabre.com\\\/isabel\\\/\"},{\"@type\":\"ListItem\",\"position\":2,\"name\":\"Tens opini\u00f3\"}]},{\"@type\":\"WebSite\",\"@id\":\"https:\\\/\\\/ferrersenabre.com\\\/isabel\\\/#website\",\"url\":\"https:\\\/\\\/ferrersenabre.com\\\/isabel\\\/\",\"name\":\"Isabel Ferrer Senabre\",\"description\":\"Music\u00f2loga\",\"publisher\":{\"@id\":\"https:\\\/\\\/ferrersenabre.com\\\/isabel\\\/#\\\/schema\\\/person\\\/457531cb41fc01c1b6676c978e0dda6a\"},\"potentialAction\":[{\"@type\":\"SearchAction\",\"target\":{\"@type\":\"EntryPoint\",\"urlTemplate\":\"https:\\\/\\\/ferrersenabre.com\\\/isabel\\\/?s={search_term_string}\"},\"query-input\":{\"@type\":\"PropertyValueSpecification\",\"valueRequired\":true,\"valueName\":\"search_term_string\"}}],\"inLanguage\":\"ca\"},{\"@type\":[\"Person\",\"Organization\"],\"@id\":\"https:\\\/\\\/ferrersenabre.com\\\/isabel\\\/#\\\/schema\\\/person\\\/457531cb41fc01c1b6676c978e0dda6a\",\"name\":\"isabel\",\"image\":{\"@type\":\"ImageObject\",\"inLanguage\":\"ca\",\"@id\":\"https:\\\/\\\/secure.gravatar.com\\\/avatar\\\/36088a98412757fa80f5ec755699904dc651bf39967c68e42d1c3a10675ae5ca?s=96&d=mm&r=g\",\"url\":\"https:\\\/\\\/secure.gravatar.com\\\/avatar\\\/36088a98412757fa80f5ec755699904dc651bf39967c68e42d1c3a10675ae5ca?s=96&d=mm&r=g\",\"contentUrl\":\"https:\\\/\\\/secure.gravatar.com\\\/avatar\\\/36088a98412757fa80f5ec755699904dc651bf39967c68e42d1c3a10675ae5ca?s=96&d=mm&r=g\",\"caption\":\"isabel\"},\"logo\":{\"@id\":\"https:\\\/\\\/secure.gravatar.com\\\/avatar\\\/36088a98412757fa80f5ec755699904dc651bf39967c68e42d1c3a10675ae5ca?s=96&d=mm&r=g\"}}]}<\/script>\n<!-- \/ Yoast SEO plugin. -->","yoast_head_json":{"title":"Tens opini\u00f3 - Isabel Ferrer Senabre","robots":{"index":"index","follow":"follow","max-snippet":"max-snippet:-1","max-image-preview":"max-image-preview:large","max-video-preview":"max-video-preview:-1"},"canonical":"https:\/\/ferrersenabre.com\/isabel\/2020\/03\/23\/tens-opinio\/","og_locale":"ca_ES","og_type":"article","og_title":"Tens opini\u00f3 - Isabel Ferrer Senabre","og_description":"Ahir, nosequant\u00e9 dia de confinament, ens vam reunir a sopar amb la fam\u00edlia davant la tele. Fugint de les incomptables &hellip; M\u00e9s","og_url":"https:\/\/ferrersenabre.com\/isabel\/2020\/03\/23\/tens-opinio\/","og_site_name":"Isabel Ferrer Senabre","article_published_time":"2020-03-23T17:02:07+00:00","article_modified_time":"2020-03-29T09:26:38+00:00","author":"isabel","twitter_card":"summary_large_image","twitter_misc":{"Escrit per":"isabel","Temps estimat de lectura":"2 minuts"},"schema":{"@context":"https:\/\/schema.org","@graph":[{"@type":"Article","@id":"https:\/\/ferrersenabre.com\/isabel\/2020\/03\/23\/tens-opinio\/#article","isPartOf":{"@id":"https:\/\/ferrersenabre.com\/isabel\/2020\/03\/23\/tens-opinio\/"},"author":{"name":"isabel","@id":"https:\/\/ferrersenabre.com\/isabel\/#\/schema\/person\/457531cb41fc01c1b6676c978e0dda6a"},"headline":"Tens opini\u00f3","datePublished":"2020-03-23T17:02:07+00:00","dateModified":"2020-03-29T09:26:38+00:00","mainEntityOfPage":{"@id":"https:\/\/ferrersenabre.com\/isabel\/2020\/03\/23\/tens-opinio\/"},"wordCount":512,"publisher":{"@id":"https:\/\/ferrersenabre.com\/isabel\/#\/schema\/person\/457531cb41fc01c1b6676c978e0dda6a"},"keywords":["opini\u00f3"],"articleSection":["Bloc"],"inLanguage":"ca"},{"@type":"WebPage","@id":"https:\/\/ferrersenabre.com\/isabel\/2020\/03\/23\/tens-opinio\/","url":"https:\/\/ferrersenabre.com\/isabel\/2020\/03\/23\/tens-opinio\/","name":"Tens opini\u00f3 - Isabel Ferrer Senabre","isPartOf":{"@id":"https:\/\/ferrersenabre.com\/isabel\/#website"},"datePublished":"2020-03-23T17:02:07+00:00","dateModified":"2020-03-29T09:26:38+00:00","breadcrumb":{"@id":"https:\/\/ferrersenabre.com\/isabel\/2020\/03\/23\/tens-opinio\/#breadcrumb"},"inLanguage":"ca","potentialAction":[{"@type":"ReadAction","target":["https:\/\/ferrersenabre.com\/isabel\/2020\/03\/23\/tens-opinio\/"]}]},{"@type":"BreadcrumbList","@id":"https:\/\/ferrersenabre.com\/isabel\/2020\/03\/23\/tens-opinio\/#breadcrumb","itemListElement":[{"@type":"ListItem","position":1,"name":"Inici","item":"https:\/\/ferrersenabre.com\/isabel\/"},{"@type":"ListItem","position":2,"name":"Tens opini\u00f3"}]},{"@type":"WebSite","@id":"https:\/\/ferrersenabre.com\/isabel\/#website","url":"https:\/\/ferrersenabre.com\/isabel\/","name":"Isabel Ferrer Senabre","description":"Music\u00f2loga","publisher":{"@id":"https:\/\/ferrersenabre.com\/isabel\/#\/schema\/person\/457531cb41fc01c1b6676c978e0dda6a"},"potentialAction":[{"@type":"SearchAction","target":{"@type":"EntryPoint","urlTemplate":"https:\/\/ferrersenabre.com\/isabel\/?s={search_term_string}"},"query-input":{"@type":"PropertyValueSpecification","valueRequired":true,"valueName":"search_term_string"}}],"inLanguage":"ca"},{"@type":["Person","Organization"],"@id":"https:\/\/ferrersenabre.com\/isabel\/#\/schema\/person\/457531cb41fc01c1b6676c978e0dda6a","name":"isabel","image":{"@type":"ImageObject","inLanguage":"ca","@id":"https:\/\/secure.gravatar.com\/avatar\/36088a98412757fa80f5ec755699904dc651bf39967c68e42d1c3a10675ae5ca?s=96&d=mm&r=g","url":"https:\/\/secure.gravatar.com\/avatar\/36088a98412757fa80f5ec755699904dc651bf39967c68e42d1c3a10675ae5ca?s=96&d=mm&r=g","contentUrl":"https:\/\/secure.gravatar.com\/avatar\/36088a98412757fa80f5ec755699904dc651bf39967c68e42d1c3a10675ae5ca?s=96&d=mm&r=g","caption":"isabel"},"logo":{"@id":"https:\/\/secure.gravatar.com\/avatar\/36088a98412757fa80f5ec755699904dc651bf39967c68e42d1c3a10675ae5ca?s=96&d=mm&r=g"}}]}},"jetpack_publicize_connections":[],"jetpack_featured_media_url":"","jetpack_sharing_enabled":true,"jetpack_shortlink":"https:\/\/wp.me\/p7sWWM-6O","_links":{"self":[{"href":"https:\/\/ferrersenabre.com\/isabel\/wp-json\/wp\/v2\/posts\/422","targetHints":{"allow":["GET"]}}],"collection":[{"href":"https:\/\/ferrersenabre.com\/isabel\/wp-json\/wp\/v2\/posts"}],"about":[{"href":"https:\/\/ferrersenabre.com\/isabel\/wp-json\/wp\/v2\/types\/post"}],"author":[{"embeddable":true,"href":"https:\/\/ferrersenabre.com\/isabel\/wp-json\/wp\/v2\/users\/1"}],"replies":[{"embeddable":true,"href":"https:\/\/ferrersenabre.com\/isabel\/wp-json\/wp\/v2\/comments?post=422"}],"version-history":[{"count":5,"href":"https:\/\/ferrersenabre.com\/isabel\/wp-json\/wp\/v2\/posts\/422\/revisions"}],"predecessor-version":[{"id":427,"href":"https:\/\/ferrersenabre.com\/isabel\/wp-json\/wp\/v2\/posts\/422\/revisions\/427"}],"wp:attachment":[{"href":"https:\/\/ferrersenabre.com\/isabel\/wp-json\/wp\/v2\/media?parent=422"}],"wp:term":[{"taxonomy":"category","embeddable":true,"href":"https:\/\/ferrersenabre.com\/isabel\/wp-json\/wp\/v2\/categories?post=422"},{"taxonomy":"post_tag","embeddable":true,"href":"https:\/\/ferrersenabre.com\/isabel\/wp-json\/wp\/v2\/tags?post=422"}],"curies":[{"name":"wp","href":"https:\/\/api.w.org\/{rel}","templated":true}]}}