{"id":842,"date":"2020-04-07T20:12:00","date_gmt":"2020-04-07T18:12:00","guid":{"rendered":"https:\/\/ferrersenabre.com\/isabel\/?p=842"},"modified":"2022-02-23T17:39:35","modified_gmt":"2022-02-23T16:39:35","slug":"em-sona-molt-26-musiques-i-pandemies","status":"publish","type":"post","link":"https:\/\/ferrersenabre.com\/isabel\/2020\/04\/07\/em-sona-molt-26-musiques-i-pandemies\/","title":{"rendered":"Em sona molt #26 \u2013 M\u00fasiques i pand\u00e8mies"},"content":{"rendered":"\n<p>Recull de curiositats hist\u00f2riques que relacionen pand\u00e8mia i m\u00fasica en entorn valenci\u00e0. Viatjarem fins al segle XV per parlar de la dansa de la mort. Despr\u00e9s fins les pestes del segle XVII a la ciutat de Val\u00e8ncia i quines m\u00fasiques sonaren en aquell moment. La seg\u00fcent parada ser\u00e0 a la grip de 1918, amb el conegut cor \u201cSoldado de N\u00e1poles\u201d de la sarsuela &#8220;La canci\u00f3n del Olvido&#8221;, de Jos\u00e9 Serrano. I per \u00faltim, tornarem al segle XX per a parlar d&#8217;algunes de les pand\u00e8mies actuals.<\/p>\n<div class=\"powerpress_player\" id=\"powerpress_player_3955\"><audio class=\"wp-audio-shortcode\" id=\"audio-842-1\" preload=\"none\" style=\"width: 100%;\" controls=\"controls\"><source type=\"audio\/mpeg\" src=\"https:\/\/ferrersenabre.com\/isabel\/wp-content\/uploads\/2020\/05\/26_07042020_Proxima_Parada_EmSonaMolt.mp3?_=1\" \/><a href=\"https:\/\/ferrersenabre.com\/isabel\/wp-content\/uploads\/2020\/05\/26_07042020_Proxima_Parada_EmSonaMolt.mp3\">https:\/\/ferrersenabre.com\/isabel\/wp-content\/uploads\/2020\/05\/26_07042020_Proxima_Parada_EmSonaMolt.mp3<\/a><\/audio><\/div><p class=\"powerpress_links powerpress_links_mp3\" style=\"margin-bottom: 1px !important;\">Podcast (emsonamoltrss): <a href=\"https:\/\/ferrersenabre.com\/isabel\/wp-content\/uploads\/2020\/05\/26_07042020_Proxima_Parada_EmSonaMolt.mp3\" class=\"powerpress_link_pinw\" target=\"_blank\" title=\"Play in new window\" onclick=\"return powerpress_pinw('https:\/\/ferrersenabre.com\/isabel\/?powerpress_pinw=842-emsonamoltrss');\" rel=\"nofollow\">Play in new window<\/a> | <a href=\"https:\/\/ferrersenabre.com\/isabel\/wp-content\/uploads\/2020\/05\/26_07042020_Proxima_Parada_EmSonaMolt.mp3\" class=\"powerpress_link_d\" title=\"Download\" rel=\"nofollow\" download=\"26_07042020_Proxima_Parada_EmSonaMolt.mp3\">Download<\/a><\/p><p class=\"powerpress_links powerpress_subscribe_links\">Subscribe: <a href=\"https:\/\/ferrersenabre.com\/isabel\/feed\/emsonamoltrss\/\" class=\"powerpress_link_subscribe powerpress_link_subscribe_rss\" target=\"_blank\" title=\"Subscribe via RSS\" rel=\"nofollow\">RSS<\/a><\/p>","protected":false},"excerpt":{"rendered":"<p>Recull de curiositats hist\u00f2riques que relacionen pand\u00e8mia i m\u00fasica en entorn valenci\u00e0. Viatjarem fins al segle XV per parlar de &hellip; <a class=\"more-link\" href=\"https:\/\/ferrersenabre.com\/isabel\/2020\/04\/07\/em-sona-molt-26-musiques-i-pandemies\/\">M\u00e9s<\/a><\/p>\n","protected":false},"author":1,"featured_media":0,"comment_status":"closed","ping_status":"open","sticky":false,"template":"","format":"standard","meta":{"jetpack_post_was_ever_published":false,"_jetpack_newsletter_access":"","_jetpack_dont_email_post_to_subs":false,"_jetpack_newsletter_tier_id":0,"_jetpack_memberships_contains_paywalled_content":false,"_jetpack_memberships_contains_paid_content":false,"footnotes":"","jetpack_publicize_message":"","jetpack_publicize_feature_enabled":true,"jetpack_social_post_already_shared":true,"jetpack_social_options":{"image_generator_settings":{"template":"highway","default_image_id":0,"font":"","enabled":false},"version":2}},"categories":[30,29,27],"tags":[],"class_list":["post-842","post","type-post","status-publish","format-standard","hentry","category-em-sona-molt","category-podcast","category-radio",""],"yoast_head":"<!-- This site is optimized with the Yoast SEO plugin v27.5 - https:\/\/yoast.com\/product\/yoast-seo-wordpress\/ -->\n<title>Em sona molt #26 \u2013 M\u00fasiques i pand\u00e8mies - Isabel Ferrer Senabre<\/title>\n<meta name=\"description\" content=\"Recull de curiositats hist\u00f2riques que relacionen pand\u00e8mia i m\u00fasica en entorn valenci\u00e0. Viatjarem fins al segle XV per parlar de la dansa de la mort. Despr\u00e9s fins les pestes del segle XVII a la ciutat de Val\u00e8ncia i quines m\u00fasiques sonaren en aquell moment. La seg\u00fcent parada ser\u00e0 a la grip de 1918, amb el conegut cor \u201cSoldado de N\u00e1poles\u201d de la sarsuela &quot;La canci\u00f3n del Olvido&quot;, de Jos\u00e9 Serrano. I per \u00faltim, tornarem al segle XX per a parlar d&#039;algunes de les pand\u00e8mies actuals.\" \/>\n<meta name=\"robots\" content=\"index, follow, max-snippet:-1, max-image-preview:large, max-video-preview:-1\" \/>\n<link rel=\"canonical\" href=\"https:\/\/ferrersenabre.com\/isabel\/2020\/04\/07\/em-sona-molt-26-musiques-i-pandemies\/\" \/>\n<meta property=\"og:locale\" content=\"ca_ES\" \/>\n<meta property=\"og:type\" content=\"article\" \/>\n<meta property=\"og:title\" content=\"Em sona molt #26 \u2013 M\u00fasiques i pand\u00e8mies - Isabel Ferrer Senabre\" \/>\n<meta property=\"og:description\" content=\"Recull de curiositats hist\u00f2riques que relacionen pand\u00e8mia i m\u00fasica en entorn valenci\u00e0. Viatjarem fins al segle XV per parlar de la dansa de la mort. Despr\u00e9s fins les pestes del segle XVII a la ciutat de Val\u00e8ncia i quines m\u00fasiques sonaren en aquell moment. La seg\u00fcent parada ser\u00e0 a la grip de 1918, amb el conegut cor \u201cSoldado de N\u00e1poles\u201d de la sarsuela &quot;La canci\u00f3n del Olvido&quot;, de Jos\u00e9 Serrano. I per \u00faltim, tornarem al segle XX per a parlar d&#039;algunes de les pand\u00e8mies actuals.\" \/>\n<meta property=\"og:url\" content=\"https:\/\/ferrersenabre.com\/isabel\/2020\/04\/07\/em-sona-molt-26-musiques-i-pandemies\/\" \/>\n<meta property=\"og:site_name\" content=\"Isabel Ferrer Senabre\" \/>\n<meta property=\"article:published_time\" content=\"2020-04-07T18:12:00+00:00\" \/>\n<meta property=\"article:modified_time\" content=\"2022-02-23T16:39:35+00:00\" \/>\n<meta name=\"author\" content=\"isabel\" \/>\n<meta name=\"twitter:card\" content=\"summary_large_image\" \/>\n<meta name=\"twitter:label1\" content=\"Escrit per\" \/>\n\t<meta name=\"twitter:data1\" content=\"isabel\" \/>\n<script type=\"application\/ld+json\" class=\"yoast-schema-graph\">{\"@context\":\"https:\\\/\\\/schema.org\",\"@graph\":[{\"@type\":\"Article\",\"@id\":\"https:\\\/\\\/ferrersenabre.com\\\/isabel\\\/2020\\\/04\\\/07\\\/em-sona-molt-26-musiques-i-pandemies\\\/#article\",\"isPartOf\":{\"@id\":\"https:\\\/\\\/ferrersenabre.com\\\/isabel\\\/2020\\\/04\\\/07\\\/em-sona-molt-26-musiques-i-pandemies\\\/\"},\"author\":{\"name\":\"isabel\",\"@id\":\"https:\\\/\\\/ferrersenabre.com\\\/isabel\\\/#\\\/schema\\\/person\\\/457531cb41fc01c1b6676c978e0dda6a\"},\"headline\":\"Em sona molt #26 \u2013 M\u00fasiques i pand\u00e8mies\",\"datePublished\":\"2020-04-07T18:12:00+00:00\",\"dateModified\":\"2022-02-23T16:39:35+00:00\",\"mainEntityOfPage\":{\"@id\":\"https:\\\/\\\/ferrersenabre.com\\\/isabel\\\/2020\\\/04\\\/07\\\/em-sona-molt-26-musiques-i-pandemies\\\/\"},\"wordCount\":103,\"publisher\":{\"@id\":\"https:\\\/\\\/ferrersenabre.com\\\/isabel\\\/#\\\/schema\\\/person\\\/457531cb41fc01c1b6676c978e0dda6a\"},\"articleSection\":[\"Em sona molt\",\"Podcast\",\"R\u00e0dio\"],\"inLanguage\":\"ca\"},{\"@type\":\"WebPage\",\"@id\":\"https:\\\/\\\/ferrersenabre.com\\\/isabel\\\/2020\\\/04\\\/07\\\/em-sona-molt-26-musiques-i-pandemies\\\/\",\"url\":\"https:\\\/\\\/ferrersenabre.com\\\/isabel\\\/2020\\\/04\\\/07\\\/em-sona-molt-26-musiques-i-pandemies\\\/\",\"name\":\"Em sona molt #26 \u2013 M\u00fasiques i pand\u00e8mies - Isabel Ferrer Senabre\",\"isPartOf\":{\"@id\":\"https:\\\/\\\/ferrersenabre.com\\\/isabel\\\/#website\"},\"datePublished\":\"2020-04-07T18:12:00+00:00\",\"dateModified\":\"2022-02-23T16:39:35+00:00\",\"description\":\"Recull de curiositats hist\u00f2riques que relacionen pand\u00e8mia i m\u00fasica en entorn valenci\u00e0. Viatjarem fins al segle XV per parlar de la dansa de la mort. Despr\u00e9s fins les pestes del segle XVII a la ciutat de Val\u00e8ncia i quines m\u00fasiques sonaren en aquell moment. La seg\u00fcent parada ser\u00e0 a la grip de 1918, amb el conegut cor \u201cSoldado de N\u00e1poles\u201d de la sarsuela \\\"La canci\u00f3n del Olvido\\\", de Jos\u00e9 Serrano. I per \u00faltim, tornarem al segle XX per a parlar d'algunes de les pand\u00e8mies actuals.\",\"breadcrumb\":{\"@id\":\"https:\\\/\\\/ferrersenabre.com\\\/isabel\\\/2020\\\/04\\\/07\\\/em-sona-molt-26-musiques-i-pandemies\\\/#breadcrumb\"},\"inLanguage\":\"ca\",\"potentialAction\":[{\"@type\":\"ReadAction\",\"target\":[\"https:\\\/\\\/ferrersenabre.com\\\/isabel\\\/2020\\\/04\\\/07\\\/em-sona-molt-26-musiques-i-pandemies\\\/\"]}]},{\"@type\":\"BreadcrumbList\",\"@id\":\"https:\\\/\\\/ferrersenabre.com\\\/isabel\\\/2020\\\/04\\\/07\\\/em-sona-molt-26-musiques-i-pandemies\\\/#breadcrumb\",\"itemListElement\":[{\"@type\":\"ListItem\",\"position\":1,\"name\":\"Inici\",\"item\":\"https:\\\/\\\/ferrersenabre.com\\\/isabel\\\/\"},{\"@type\":\"ListItem\",\"position\":2,\"name\":\"Em sona molt #26 \u2013 M\u00fasiques i pand\u00e8mies\"}]},{\"@type\":\"WebSite\",\"@id\":\"https:\\\/\\\/ferrersenabre.com\\\/isabel\\\/#website\",\"url\":\"https:\\\/\\\/ferrersenabre.com\\\/isabel\\\/\",\"name\":\"Isabel Ferrer Senabre\",\"description\":\"Music\u00f2loga\",\"publisher\":{\"@id\":\"https:\\\/\\\/ferrersenabre.com\\\/isabel\\\/#\\\/schema\\\/person\\\/457531cb41fc01c1b6676c978e0dda6a\"},\"potentialAction\":[{\"@type\":\"SearchAction\",\"target\":{\"@type\":\"EntryPoint\",\"urlTemplate\":\"https:\\\/\\\/ferrersenabre.com\\\/isabel\\\/?s={search_term_string}\"},\"query-input\":{\"@type\":\"PropertyValueSpecification\",\"valueRequired\":true,\"valueName\":\"search_term_string\"}}],\"inLanguage\":\"ca\"},{\"@type\":[\"Person\",\"Organization\"],\"@id\":\"https:\\\/\\\/ferrersenabre.com\\\/isabel\\\/#\\\/schema\\\/person\\\/457531cb41fc01c1b6676c978e0dda6a\",\"name\":\"isabel\",\"image\":{\"@type\":\"ImageObject\",\"inLanguage\":\"ca\",\"@id\":\"https:\\\/\\\/secure.gravatar.com\\\/avatar\\\/36088a98412757fa80f5ec755699904dc651bf39967c68e42d1c3a10675ae5ca?s=96&d=mm&r=g\",\"url\":\"https:\\\/\\\/secure.gravatar.com\\\/avatar\\\/36088a98412757fa80f5ec755699904dc651bf39967c68e42d1c3a10675ae5ca?s=96&d=mm&r=g\",\"contentUrl\":\"https:\\\/\\\/secure.gravatar.com\\\/avatar\\\/36088a98412757fa80f5ec755699904dc651bf39967c68e42d1c3a10675ae5ca?s=96&d=mm&r=g\",\"caption\":\"isabel\"},\"logo\":{\"@id\":\"https:\\\/\\\/secure.gravatar.com\\\/avatar\\\/36088a98412757fa80f5ec755699904dc651bf39967c68e42d1c3a10675ae5ca?s=96&d=mm&r=g\"}}]}<\/script>\n<!-- \/ Yoast SEO plugin. -->","yoast_head_json":{"title":"Em sona molt #26 \u2013 M\u00fasiques i pand\u00e8mies - Isabel Ferrer Senabre","description":"Recull de curiositats hist\u00f2riques que relacionen pand\u00e8mia i m\u00fasica en entorn valenci\u00e0. Viatjarem fins al segle XV per parlar de la dansa de la mort. Despr\u00e9s fins les pestes del segle XVII a la ciutat de Val\u00e8ncia i quines m\u00fasiques sonaren en aquell moment. La seg\u00fcent parada ser\u00e0 a la grip de 1918, amb el conegut cor \u201cSoldado de N\u00e1poles\u201d de la sarsuela \"La canci\u00f3n del Olvido\", de Jos\u00e9 Serrano. I per \u00faltim, tornarem al segle XX per a parlar d'algunes de les pand\u00e8mies actuals.","robots":{"index":"index","follow":"follow","max-snippet":"max-snippet:-1","max-image-preview":"max-image-preview:large","max-video-preview":"max-video-preview:-1"},"canonical":"https:\/\/ferrersenabre.com\/isabel\/2020\/04\/07\/em-sona-molt-26-musiques-i-pandemies\/","og_locale":"ca_ES","og_type":"article","og_title":"Em sona molt #26 \u2013 M\u00fasiques i pand\u00e8mies - Isabel Ferrer Senabre","og_description":"Recull de curiositats hist\u00f2riques que relacionen pand\u00e8mia i m\u00fasica en entorn valenci\u00e0. Viatjarem fins al segle XV per parlar de la dansa de la mort. Despr\u00e9s fins les pestes del segle XVII a la ciutat de Val\u00e8ncia i quines m\u00fasiques sonaren en aquell moment. La seg\u00fcent parada ser\u00e0 a la grip de 1918, amb el conegut cor \u201cSoldado de N\u00e1poles\u201d de la sarsuela \"La canci\u00f3n del Olvido\", de Jos\u00e9 Serrano. I per \u00faltim, tornarem al segle XX per a parlar d'algunes de les pand\u00e8mies actuals.","og_url":"https:\/\/ferrersenabre.com\/isabel\/2020\/04\/07\/em-sona-molt-26-musiques-i-pandemies\/","og_site_name":"Isabel Ferrer Senabre","article_published_time":"2020-04-07T18:12:00+00:00","article_modified_time":"2022-02-23T16:39:35+00:00","author":"isabel","twitter_card":"summary_large_image","twitter_misc":{"Escrit per":"isabel"},"schema":{"@context":"https:\/\/schema.org","@graph":[{"@type":"Article","@id":"https:\/\/ferrersenabre.com\/isabel\/2020\/04\/07\/em-sona-molt-26-musiques-i-pandemies\/#article","isPartOf":{"@id":"https:\/\/ferrersenabre.com\/isabel\/2020\/04\/07\/em-sona-molt-26-musiques-i-pandemies\/"},"author":{"name":"isabel","@id":"https:\/\/ferrersenabre.com\/isabel\/#\/schema\/person\/457531cb41fc01c1b6676c978e0dda6a"},"headline":"Em sona molt #26 \u2013 M\u00fasiques i pand\u00e8mies","datePublished":"2020-04-07T18:12:00+00:00","dateModified":"2022-02-23T16:39:35+00:00","mainEntityOfPage":{"@id":"https:\/\/ferrersenabre.com\/isabel\/2020\/04\/07\/em-sona-molt-26-musiques-i-pandemies\/"},"wordCount":103,"publisher":{"@id":"https:\/\/ferrersenabre.com\/isabel\/#\/schema\/person\/457531cb41fc01c1b6676c978e0dda6a"},"articleSection":["Em sona molt","Podcast","R\u00e0dio"],"inLanguage":"ca"},{"@type":"WebPage","@id":"https:\/\/ferrersenabre.com\/isabel\/2020\/04\/07\/em-sona-molt-26-musiques-i-pandemies\/","url":"https:\/\/ferrersenabre.com\/isabel\/2020\/04\/07\/em-sona-molt-26-musiques-i-pandemies\/","name":"Em sona molt #26 \u2013 M\u00fasiques i pand\u00e8mies - Isabel Ferrer Senabre","isPartOf":{"@id":"https:\/\/ferrersenabre.com\/isabel\/#website"},"datePublished":"2020-04-07T18:12:00+00:00","dateModified":"2022-02-23T16:39:35+00:00","description":"Recull de curiositats hist\u00f2riques que relacionen pand\u00e8mia i m\u00fasica en entorn valenci\u00e0. Viatjarem fins al segle XV per parlar de la dansa de la mort. Despr\u00e9s fins les pestes del segle XVII a la ciutat de Val\u00e8ncia i quines m\u00fasiques sonaren en aquell moment. La seg\u00fcent parada ser\u00e0 a la grip de 1918, amb el conegut cor \u201cSoldado de N\u00e1poles\u201d de la sarsuela \"La canci\u00f3n del Olvido\", de Jos\u00e9 Serrano. I per \u00faltim, tornarem al segle XX per a parlar d'algunes de les pand\u00e8mies actuals.","breadcrumb":{"@id":"https:\/\/ferrersenabre.com\/isabel\/2020\/04\/07\/em-sona-molt-26-musiques-i-pandemies\/#breadcrumb"},"inLanguage":"ca","potentialAction":[{"@type":"ReadAction","target":["https:\/\/ferrersenabre.com\/isabel\/2020\/04\/07\/em-sona-molt-26-musiques-i-pandemies\/"]}]},{"@type":"BreadcrumbList","@id":"https:\/\/ferrersenabre.com\/isabel\/2020\/04\/07\/em-sona-molt-26-musiques-i-pandemies\/#breadcrumb","itemListElement":[{"@type":"ListItem","position":1,"name":"Inici","item":"https:\/\/ferrersenabre.com\/isabel\/"},{"@type":"ListItem","position":2,"name":"Em sona molt #26 \u2013 M\u00fasiques i pand\u00e8mies"}]},{"@type":"WebSite","@id":"https:\/\/ferrersenabre.com\/isabel\/#website","url":"https:\/\/ferrersenabre.com\/isabel\/","name":"Isabel Ferrer Senabre","description":"Music\u00f2loga","publisher":{"@id":"https:\/\/ferrersenabre.com\/isabel\/#\/schema\/person\/457531cb41fc01c1b6676c978e0dda6a"},"potentialAction":[{"@type":"SearchAction","target":{"@type":"EntryPoint","urlTemplate":"https:\/\/ferrersenabre.com\/isabel\/?s={search_term_string}"},"query-input":{"@type":"PropertyValueSpecification","valueRequired":true,"valueName":"search_term_string"}}],"inLanguage":"ca"},{"@type":["Person","Organization"],"@id":"https:\/\/ferrersenabre.com\/isabel\/#\/schema\/person\/457531cb41fc01c1b6676c978e0dda6a","name":"isabel","image":{"@type":"ImageObject","inLanguage":"ca","@id":"https:\/\/secure.gravatar.com\/avatar\/36088a98412757fa80f5ec755699904dc651bf39967c68e42d1c3a10675ae5ca?s=96&d=mm&r=g","url":"https:\/\/secure.gravatar.com\/avatar\/36088a98412757fa80f5ec755699904dc651bf39967c68e42d1c3a10675ae5ca?s=96&d=mm&r=g","contentUrl":"https:\/\/secure.gravatar.com\/avatar\/36088a98412757fa80f5ec755699904dc651bf39967c68e42d1c3a10675ae5ca?s=96&d=mm&r=g","caption":"isabel"},"logo":{"@id":"https:\/\/secure.gravatar.com\/avatar\/36088a98412757fa80f5ec755699904dc651bf39967c68e42d1c3a10675ae5ca?s=96&d=mm&r=g"}}]}},"jetpack_publicize_connections":[],"jetpack_featured_media_url":"","jetpack_sharing_enabled":true,"jetpack_shortlink":"https:\/\/wp.me\/p7sWWM-dA","_links":{"self":[{"href":"https:\/\/ferrersenabre.com\/isabel\/wp-json\/wp\/v2\/posts\/842","targetHints":{"allow":["GET"]}}],"collection":[{"href":"https:\/\/ferrersenabre.com\/isabel\/wp-json\/wp\/v2\/posts"}],"about":[{"href":"https:\/\/ferrersenabre.com\/isabel\/wp-json\/wp\/v2\/types\/post"}],"author":[{"embeddable":true,"href":"https:\/\/ferrersenabre.com\/isabel\/wp-json\/wp\/v2\/users\/1"}],"replies":[{"embeddable":true,"href":"https:\/\/ferrersenabre.com\/isabel\/wp-json\/wp\/v2\/comments?post=842"}],"version-history":[{"count":1,"href":"https:\/\/ferrersenabre.com\/isabel\/wp-json\/wp\/v2\/posts\/842\/revisions"}],"predecessor-version":[{"id":843,"href":"https:\/\/ferrersenabre.com\/isabel\/wp-json\/wp\/v2\/posts\/842\/revisions\/843"}],"wp:attachment":[{"href":"https:\/\/ferrersenabre.com\/isabel\/wp-json\/wp\/v2\/media?parent=842"}],"wp:term":[{"taxonomy":"category","embeddable":true,"href":"https:\/\/ferrersenabre.com\/isabel\/wp-json\/wp\/v2\/categories?post=842"},{"taxonomy":"post_tag","embeddable":true,"href":"https:\/\/ferrersenabre.com\/isabel\/wp-json\/wp\/v2\/tags?post=842"}],"curies":[{"name":"wp","href":"https:\/\/api.w.org\/{rel}","templated":true}]}}